{"id":4707,"date":"2025-03-13T17:55:42","date_gmt":"2025-03-13T21:55:42","guid":{"rendered":"https:\/\/atejada.net\/?p=4707"},"modified":"2025-03-13T17:55:42","modified_gmt":"2025-03-13T21:55:42","slug":"reflexiones-sobre-mi-participacion-en-el-8o-foro-anual-de-aprendizaje-sobre-derechos-humanos","status":"publish","type":"post","link":"https:\/\/atejada.net\/en\/reflexiones-sobre-mi-participacion-en-el-8o-foro-anual-de-aprendizaje-sobre-derechos-humanos\/","title":{"rendered":"Reflexiones sobre mi participaci\u00f3n en el 8\u00ba Foro Anual de Aprendizaje sobre Derechos Humanos"},"content":{"rendered":"<p><span style=\"font-weight: 400;\">Con profunda gratitud y emoci\u00f3n, tuve el privilegio de colaborar en el <\/span><b>8\u00ba Foro Anual de Aprendizaje sobre Derechos Humanos<\/b><span style=\"font-weight: 400;\">, organizado por el Instituto Canadiense para la Resoluci\u00f3n de Conflictos (CICR) y el Servicio de Polic\u00eda de Ottawa. Este evento, celebrado en el marco del <\/span><b>D\u00eda Internacional de los Derechos Humanos<\/b><span style=\"font-weight: 400;\"> con el lema <\/span><i><span style=\"font-weight: 400;\">\u201cUn Viaje de Sanaci\u00f3n y Restauraci\u00f3n\u201d<\/span><\/i><span style=\"font-weight: 400;\">, fue una experiencia verdaderamente enriquecedora y transformadora.<\/span><\/p>\n<p><span style=\"font-weight: 400;\">Desde su primera edici\u00f3n en 2015, este foro se ha consolidado como un espacio fundamental para analizar temas de equidad, diversidad e inclusi\u00f3n (EDI) desde m\u00faltiples perspectivas. Gracias al esfuerzo conjunto del Servicio de Polic\u00eda de Ottawa y diversos grupos comunitarios, este encuentro anual fomenta conversaciones cr\u00edticas que profundizan la comprensi\u00f3n y fortalecen el compromiso con estos valores esenciales.<\/span><\/p>\n<p><b>Un Encuentro Inolvidable<\/b><\/p>\n<p><span style=\"font-weight: 400;\">La octava edici\u00f3n se distingui\u00f3 por la inspiradora conferencia magistral de la Dra. Donna Hicks, titulada <\/span><i><span style=\"font-weight: 400;\">\u201cLa Dignidad: El Papel Esencial que Juega en la Resoluci\u00f3n de Conflictos\u201d<\/span><\/i><span style=\"font-weight: 400;\">. Durante su intervenci\u00f3n, la Dra. Hicks comparti\u00f3 ideas profundas sobre c\u00f3mo la <\/span><b>dignidad humana<\/b><span style=\"font-weight: 400;\"> no solo es un derecho inherente, sino tambi\u00e9n un catalizador crucial para la resoluci\u00f3n de conflictos y la construcci\u00f3n de relaciones basadas en el respeto mutuo. Su presentaci\u00f3n gener\u00f3 reflexiones significativas entre los asistentes y subray\u00f3 la importancia de integrar la dignidad en todos los aspectos de nuestras interacciones, tanto personales como profesionales.<\/span><\/p>\n<p><b>Una Experiencia Comunitaria<\/b><\/p>\n<p><span style=\"font-weight: 400;\">Este foro tambi\u00e9n fue una oportunidad invaluable para colaborar con un equipo excepcional. Quiero expresar mi m\u00e1s sincero agradecimiento a Daniel Markus, Lorna Lemay, Carole Soucis y Nicole Charron, quienes hicieron posible mi participaci\u00f3n en este evento tan significativo. Su dedicaci\u00f3n y pasi\u00f3n fueron una fuente constante de inspiraci\u00f3n.<\/span><\/p>\n<p><b>La Relevancia de estos Espacios<\/b><\/p>\n<p><span style=\"font-weight: 400;\">Iniciativas como el Foro Anual de Aprendizaje sobre Derechos Humanos desempe\u00f1an un papel esencial en la <\/span><b>construcci\u00f3n de comunidades m\u00e1s inclusivas y emp\u00e1ticas<\/b><span style=\"font-weight: 400;\">. Estos encuentros brindan la oportunidad de reunir a personas de diversos contextos para compartir conocimientos, cuestionar ideas preconcebidas y proponer soluciones a los desaf\u00edos sociales m\u00e1s urgentes. Adem\u00e1s, refuerzan el impacto de la <\/span><b>colaboraci\u00f3n entre instituciones y comunidades<\/b><span style=\"font-weight: 400;\"> en la b\u00fasqueda de un cambio sostenible y significativo.<\/span><\/p>\n<p><b>Un Aprendizaje Transformador<\/b><\/p>\n<p><span style=\"font-weight: 400;\">El 8\u00ba Foro Anual de Aprendizaje sobre Derechos Humanos fue mucho m\u00e1s que un evento: fue una experiencia de conexi\u00f3n, aprendizaje y transformaci\u00f3n. Me siento profundamente agradecida por haber formado parte de este <\/span><b>viaje hacia la sanaci\u00f3n y la restauraci\u00f3n<\/b><span style=\"font-weight: 400;\">.<\/span><\/p>\n<p><span style=\"font-weight: 400;\">En este contexto, <\/span><b>la dignidad se destaca como un concepto poderoso y central<\/b><span style=\"font-weight: 400;\">. No solo representa un derecho inherente, sino tambi\u00e9n una herramienta esencial para construir relaciones basadas en el respeto mutuo y la comprensi\u00f3n. Al incorporar la dignidad en nuestras acciones cotidianas, en nuestras conversaciones y en la manera en que enfrentamos los desaf\u00edos, podemos transformar nuestras vidas y nuestras comunidades.<\/span><\/p>\n<p><span style=\"font-weight: 400;\">Quiero invitar a reflexionar sobre <\/span><b>la dignidad como un pilar fundamental para el cambio<\/b><span style=\"font-weight: 400;\">. Al valorar y respetar la dignidad de cada persona, creamos un entorno donde los derechos humanos prosperan y donde la inclusi\u00f3n y la equidad se convierten en realidades tangibles<\/span><b>. La dignidad es el puente que conecta nuestra humanidad compartida con la visi\u00f3n de un futuro transformador, donde el sentido de comunidad se fortalece profundamente y se constituye como el pilar esencial de nuestra convivencia<\/b><span style=\"font-weight: 400;\">.<\/span><\/p>\n<p>&nbsp;<\/p>","protected":false},"excerpt":{"rendered":"<p>Con profunda gratitud y emoci\u00f3n, tuve el privilegio de colaborar en el 8\u00ba Foro Anual de Aprendizaje sobre Derechos Humanos, organizado por el Instituto Canadiense para la Resoluci\u00f3n de Conflictos (CICR) y el Servicio de Polic\u00eda de Ottawa. Este evento, celebrado en el marco del D\u00eda Internacional de los Derechos Humanos con el lema \u201cUn [&hellip;]<\/p>","protected":false},"author":1,"featured_media":4708,"comment_status":"closed","ping_status":"closed","sticky":false,"template":"","format":"standard","meta":{"footnotes":""},"categories":[1],"tags":[],"class_list":["post-4707","post","type-post","status-publish","format-standard","has-post-thumbnail","hentry","category-blog"],"_links":{"self":[{"href":"https:\/\/atejada.net\/en\/wp-json\/wp\/v2\/posts\/4707","targetHints":{"allow":["GET"]}}],"collection":[{"href":"https:\/\/atejada.net\/en\/wp-json\/wp\/v2\/posts"}],"about":[{"href":"https:\/\/atejada.net\/en\/wp-json\/wp\/v2\/types\/post"}],"author":[{"embeddable":true,"href":"https:\/\/atejada.net\/en\/wp-json\/wp\/v2\/users\/1"}],"replies":[{"embeddable":true,"href":"https:\/\/atejada.net\/en\/wp-json\/wp\/v2\/comments?post=4707"}],"version-history":[{"count":1,"href":"https:\/\/atejada.net\/en\/wp-json\/wp\/v2\/posts\/4707\/revisions"}],"predecessor-version":[{"id":4709,"href":"https:\/\/atejada.net\/en\/wp-json\/wp\/v2\/posts\/4707\/revisions\/4709"}],"wp:featuredmedia":[{"embeddable":true,"href":"https:\/\/atejada.net\/en\/wp-json\/wp\/v2\/media\/4708"}],"wp:attachment":[{"href":"https:\/\/atejada.net\/en\/wp-json\/wp\/v2\/media?parent=4707"}],"wp:term":[{"taxonomy":"category","embeddable":true,"href":"https:\/\/atejada.net\/en\/wp-json\/wp\/v2\/categories?post=4707"},{"taxonomy":"post_tag","embeddable":true,"href":"https:\/\/atejada.net\/en\/wp-json\/wp\/v2\/tags?post=4707"}],"curies":[{"name":"wp","href":"https:\/\/api.w.org\/{rel}","templated":true}]}}