{"id":4688,"date":"2024-11-13T02:06:32","date_gmt":"2024-11-13T02:06:32","guid":{"rendered":"https:\/\/atejada.net\/?p=4688"},"modified":"2024-11-17T21:00:42","modified_gmt":"2024-11-17T21:00:42","slug":"desarrollo-urbano-inclusivo-en-la-region-del-sica-importancia-de-la-conceptualizacion-y-capacitacion","status":"publish","type":"post","link":"https:\/\/atejada.net\/en\/desarrollo-urbano-inclusivo-en-la-region-del-sica-importancia-de-la-conceptualizacion-y-capacitacion\/","title":{"rendered":"Desarrollo Urbano Inclusivo en la Regi\u00f3n del SICA: Importancia de la Conceptualizaci\u00f3n y Capacitaci\u00f3n"},"content":{"rendered":"<p><span style=\"font-weight: 400;\">En el <\/span><b>Primer Foro Urbano de Centroam\u00e9rica y Rep\u00fablica Dominicana 2024 (FURSICA 2024)<\/b><span style=\"font-weight: 400;\">, tuve el honor de representar al <a href=\"https:\/\/www.lincolninst.edu\/\" target=\"_blank\" rel=\"noopener\">Lincoln Institute of Land Policy<\/a>, compartiendo c\u00f3mo la <\/span><b>implementaci\u00f3n de iniciativas regionales de conceptualizaci\u00f3n y capacitaci\u00f3n<\/b><span style=\"font-weight: 400;\"> contribuye a la <\/span><b>planificaci\u00f3n de un desarrollo urbano inclusivo<\/b><span style=\"font-weight: 400;\"> en la regi\u00f3n.<\/span><\/p>\n<p><span style=\"font-weight: 400;\">En este contexto, la <\/span><b>conceptualizaci\u00f3n de pol\u00edticas<\/b><span style=\"font-weight: 400;\"> desempe\u00f1a un papel crucial, ya que permite desarrollar <\/span><b>marcos te\u00f3ricos y pr\u00e1cticos<\/b><span style=\"font-weight: 400;\"> que orientan la <\/span><b>planificaci\u00f3n urbana inclusiva<\/b><span style=\"font-weight: 400;\">. Estas herramientas, ajustadas a las necesidades locales, proporcionan diagn\u00f3sticos y modelos adaptables a cada contexto, facilitando que las comunidades y los gobiernos locales puedan dise\u00f1ar colaborativamente <\/span><b>pol\u00edticas de suelo<\/b><span style=\"font-weight: 400;\"> y <\/span><b>estrategias de desarrollo urbano<\/b><span style=\"font-weight: 400;\"> que respondan a sus realidades espec\u00edficas.<\/span><\/p>\n<p><span style=\"font-weight: 400;\">Adem\u00e1s, la <\/span><b>capacitaci\u00f3n de actores clave<\/b><span style=\"font-weight: 400;\">, como funcionarios p\u00fablicos y t\u00e9cnicos, fortalece las capacidades locales en <\/span><b>gesti\u00f3n del suelo<\/b><span style=\"font-weight: 400;\">, <\/span><b>instrumentos de financiamiento<\/b><span style=\"font-weight: 400;\"> y <\/span><b>planificaci\u00f3n urbana<\/b><span style=\"font-weight: 400;\">.<\/span><\/p>\n<p><span style=\"font-weight: 400;\">A trav\u00e9s de la <\/span><b>colaboraci\u00f3n multisectorial<\/b><span style=\"font-weight: 400;\"> y la <\/span><b>capacitaci\u00f3n continua<\/b><span style=\"font-weight: 400;\">, se optimiza el impacto de las <\/span><b>inversiones en desarrollo urbano<\/b><span style=\"font-weight: 400;\"> y se fomenta la <\/span><b>sostenibilidad<\/b><span style=\"font-weight: 400;\">.<\/span><\/p>\n<blockquote><p><span style=\"font-weight: 400;\">La <\/span><b>implementaci\u00f3n de instrumentos de financiamiento urbano<\/b><span style=\"font-weight: 400;\">, como la <\/span><b>captura de valor del suelo<\/b><span style=\"font-weight: 400;\">, <\/span><b>impuesto a la propiedad<\/b><span style=\"font-weight: 400;\"> y <\/span><b>financiamiento basado en el suelo<\/b><span style=\"font-weight: 400;\">, ayuda a los municipios a generar recursos para infraestructura y vivienda asequible. Estos instrumentos fortalecen la <\/span><b>salud fiscal<\/b><span style=\"font-weight: 400;\"> de los municipios, facilitando una <\/span><b>planificaci\u00f3n urbana sostenible<\/b><span style=\"font-weight: 400;\">.<\/span><\/p><\/blockquote>\n<p><span style=\"font-weight: 400;\">El lema del <\/span><b>Foro Urbano Mundial (WUF12)<\/b><span style=\"font-weight: 400;\">, \u201cTodo comienza en casa,\u201d refleja el poder de las <\/span><b>acciones locales<\/b><span style=\"font-weight: 400;\"> en la construcci\u00f3n de <\/span><b>comunidades resilientes e inclusivas<\/b><span style=\"font-weight: 400;\">. El Instituto Lincoln comparte esta visi\u00f3n, con la convicci\u00f3n de que la <\/span><b>capacitaci\u00f3n<\/b><span style=\"font-weight: 400;\"> y la <\/span><b>colaboraci\u00f3n<\/b><span style=\"font-weight: 400;\"> permiten avanzar hacia un <\/span><b>futuro urbano equitativo<\/b><span style=\"font-weight: 400;\"> en la regi\u00f3n.<\/span><\/p>\n<p><span style=\"font-weight: 400;\">En conclusi\u00f3n, las <\/span><b>iniciativas de conceptualizaci\u00f3n de pol\u00edticas<\/b><span style=\"font-weight: 400;\">, la <\/span><b>capacitaci\u00f3n<\/b><span style=\"font-weight: 400;\"> y el <\/span><b>uso de instrumentos de financiamiento urbano<\/b><span style=\"font-weight: 400;\"> fortalecen las <\/span><b>capacidades locales<\/b><span style=\"font-weight: 400;\">, posibilitando un <\/span><b>desarrollo urbano inclusivo<\/b><span style=\"font-weight: 400;\"> en Centroam\u00e9rica y Rep\u00fablica Dominicana.<\/span><\/p>\n<p><a href=\"https:\/\/www.linkedin.com\/pulse\/desarrollo-urbano-inclusivo-en-la-regi%25C3%25B3n-del-sica-de-y-annette-tejada-wmdje\/\">https:\/\/www.linkedin.com\/pulse\/desarrollo-urbano-inclusivo-en-la-regi%25C3%25B3n-del-sica-de-y-annette-tejada-wmdje\/<\/a><\/p>","protected":false},"excerpt":{"rendered":"<p>En el Primer Foro Urbano de Centroam\u00e9rica y Rep\u00fablica Dominicana 2024 (FURSICA 2024), tuve el honor de representar al Lincoln Institute of Land Policy, compartiendo c\u00f3mo la implementaci\u00f3n de iniciativas regionales de conceptualizaci\u00f3n y capacitaci\u00f3n contribuye a la planificaci\u00f3n de un desarrollo urbano inclusivo en la regi\u00f3n. En este contexto, la conceptualizaci\u00f3n de pol\u00edticas desempe\u00f1a [&hellip;]<\/p>","protected":false},"author":1,"featured_media":4689,"comment_status":"closed","ping_status":"closed","sticky":false,"template":"","format":"standard","meta":{"footnotes":""},"categories":[1,37],"tags":[],"class_list":["post-4688","post","type-post","status-publish","format-standard","has-post-thumbnail","hentry","category-blog","category-desarrollo-urbano-inclusivo"],"_links":{"self":[{"href":"https:\/\/atejada.net\/en\/wp-json\/wp\/v2\/posts\/4688","targetHints":{"allow":["GET"]}}],"collection":[{"href":"https:\/\/atejada.net\/en\/wp-json\/wp\/v2\/posts"}],"about":[{"href":"https:\/\/atejada.net\/en\/wp-json\/wp\/v2\/types\/post"}],"author":[{"embeddable":true,"href":"https:\/\/atejada.net\/en\/wp-json\/wp\/v2\/users\/1"}],"replies":[{"embeddable":true,"href":"https:\/\/atejada.net\/en\/wp-json\/wp\/v2\/comments?post=4688"}],"version-history":[{"count":5,"href":"https:\/\/atejada.net\/en\/wp-json\/wp\/v2\/posts\/4688\/revisions"}],"predecessor-version":[{"id":4701,"href":"https:\/\/atejada.net\/en\/wp-json\/wp\/v2\/posts\/4688\/revisions\/4701"}],"wp:featuredmedia":[{"embeddable":true,"href":"https:\/\/atejada.net\/en\/wp-json\/wp\/v2\/media\/4689"}],"wp:attachment":[{"href":"https:\/\/atejada.net\/en\/wp-json\/wp\/v2\/media?parent=4688"}],"wp:term":[{"taxonomy":"category","embeddable":true,"href":"https:\/\/atejada.net\/en\/wp-json\/wp\/v2\/categories?post=4688"},{"taxonomy":"post_tag","embeddable":true,"href":"https:\/\/atejada.net\/en\/wp-json\/wp\/v2\/tags?post=4688"}],"curies":[{"name":"wp","href":"https:\/\/api.w.org\/{rel}","templated":true}]}}