{"id":4420,"date":"2024-01-19T13:35:45","date_gmt":"2024-01-19T17:35:45","guid":{"rendered":"https:\/\/annette.optimalbytetech.com\/?p=4420"},"modified":"2024-01-19T13:35:45","modified_gmt":"2024-01-19T17:35:45","slug":"8o-foro-anual-de-aprendizaje-sobre-derechos-humanos-cicr-canadian-institute-for-conflict-resolution","status":"publish","type":"post","link":"https:\/\/atejada.net\/en\/8o-foro-anual-de-aprendizaje-sobre-derechos-humanos-cicr-canadian-institute-for-conflict-resolution\/","title":{"rendered":"8\u00ba Foro Anual de Aprendizaje sobre Derechos Humanos &#8211; CICR Canadian Institute for Conflict Resolution"},"content":{"rendered":"<p>Estoy emocionada y agradecida de haber colaborado con el CICR Canadian Institute for Conflict Resolution\u2013Institut canadien pour la r\u00e9solution des conflits en la facilitaci\u00f3n del 8\u00ba Foro Anual de Aprendizaje sobre Derechos Humanos en reconocimiento del D\u00eda Internacional de los Derechos Humanos &#8211; Un Viaje de Sanaci\u00f3n y Restauraci\u00f3n.<\/p>\n<p>El Servicio de Polic\u00eda de Ottawa organiz\u00f3 su primer Foro de Aprendizaje sobre Derechos Humanos en 2015, asoci\u00e1ndose con individuos y grupos comunitarios para profundizar en temas de derechos humanos y de Equidad, Diversidad e Inclusi\u00f3n (EDI) desde diversas perspectivas. Este foro se ha convertido en un evento anual prestigioso, fomentando conversaciones para profundizar en nuestra comprensi\u00f3n y abordar estos temas cr\u00edticos de manera constante y comprometida.<\/p>\n<p>El foro de este a\u00f1o fue particularmente memorable, con una conferencia magistral de la Dra. Donna Hicks sobre \u00abLa Dignidad: El Papel Esencial que Juega en la Resoluci\u00f3n de Conflictos\u00bb.<\/p>\n<p>Un agradecimiento de todo coraz\u00f3n a Daniel Markus, Lorna Lemay, Carole Soucis y Nicole Charron por darme la bienvenida a un equipo tan excepcional. Fue una experiencia comunitaria que siempre atesorar\u00e9.<\/p>","protected":false},"excerpt":{"rendered":"<p>Estoy emocionada y agradecida de haber colaborado con el CICR Canadian Institute for Conflict Resolution\u2013Institut canadien pour la r\u00e9solution des conflits en la facilitaci\u00f3n del 8\u00ba Foro Anual de Aprendizaje sobre Derechos Humanos en reconocimiento del D\u00eda Internacional de los Derechos Humanos &#8211; Un Viaje de Sanaci\u00f3n y Restauraci\u00f3n. El Servicio de Polic\u00eda de Ottawa [&hellip;]<\/p>","protected":false},"author":1,"featured_media":4421,"comment_status":"open","ping_status":"open","sticky":false,"template":"","format":"standard","meta":{"footnotes":""},"categories":[1],"tags":[],"class_list":["post-4420","post","type-post","status-publish","format-standard","has-post-thumbnail","hentry","category-blog"],"_links":{"self":[{"href":"https:\/\/atejada.net\/en\/wp-json\/wp\/v2\/posts\/4420","targetHints":{"allow":["GET"]}}],"collection":[{"href":"https:\/\/atejada.net\/en\/wp-json\/wp\/v2\/posts"}],"about":[{"href":"https:\/\/atejada.net\/en\/wp-json\/wp\/v2\/types\/post"}],"author":[{"embeddable":true,"href":"https:\/\/atejada.net\/en\/wp-json\/wp\/v2\/users\/1"}],"replies":[{"embeddable":true,"href":"https:\/\/atejada.net\/en\/wp-json\/wp\/v2\/comments?post=4420"}],"version-history":[{"count":0,"href":"https:\/\/atejada.net\/en\/wp-json\/wp\/v2\/posts\/4420\/revisions"}],"wp:featuredmedia":[{"embeddable":true,"href":"https:\/\/atejada.net\/en\/wp-json\/wp\/v2\/media\/4421"}],"wp:attachment":[{"href":"https:\/\/atejada.net\/en\/wp-json\/wp\/v2\/media?parent=4420"}],"wp:term":[{"taxonomy":"category","embeddable":true,"href":"https:\/\/atejada.net\/en\/wp-json\/wp\/v2\/categories?post=4420"},{"taxonomy":"post_tag","embeddable":true,"href":"https:\/\/atejada.net\/en\/wp-json\/wp\/v2\/tags?post=4420"}],"curies":[{"name":"wp","href":"https:\/\/api.w.org\/{rel}","templated":true}]}}